{"id":5491,"date":"2021-05-20T14:11:00","date_gmt":"2021-05-20T21:11:00","guid":{"rendered":"https:\/\/www.dc16iupat.org\/?p=5491"},"modified":"2025-03-14T08:47:59","modified_gmt":"2025-03-14T15:47:59","slug":"vac-is-open-2","status":"publish","type":"post","link":"https:\/\/www.dc16iupat.org\/es\/vac-is-open-2\/","title":{"rendered":"VAC est\u00e1 abierto!"},"content":{"rendered":"<p>Hermanos y hermanas,<\/p>\n\n\n\n<p>&nbsp; El VAC est\u00e1 de vuelta.\nSi tiene alguna idea o evento que le interese hacer un VAC, por favor\ncomun\u00edquese con nuestra oficina y podemos ponerlo en contacto con nuestro coordinador de VAC.\nLowell Homan inform\u00f3 en nuestra \u00faltima reuni\u00f3n que hab\u00eda examinado el Memorial\nD\u00eda del evento de colocaci\u00f3n de la bandera en el Veterans Memorial Cemetery en Dixon, pero debido a\ncapacidad limitada no ser\u00eda un evento de VAC este a\u00f1o. Pero puedes mantener un ojo\npara los siguientes eventos.<\/p>\n\n\n\n<p>El AFL-CIO tiene un <a href=\"https:\/\/url.emailprotection.link\/?b_3fQyH2gafuPcccrP79o7znmZtfjJHILBbRrQxkkSb3o9T87KbhZAbtq-OgpL---8PdUsXhgi3qZq7JcOYsi-QuHzj3Ab0MXzztlhqQUk6YIaxBjrQNFa4z3b75ixlPE\" target=\"_blank\" rel=\"noreferrer noopener\">Semana de acci\u00f3n en torno al PRO-Act<\/a> del 26 de abril a mayo\n1er. Puede encontrar enlaces a eventos que suceden en todo el pa\u00eds en el <a href=\"https:\/\/url.emailprotection.link\/?bd2Sy1n31EDZleGhKkfQUSBbDYiVNAt-HDk-A74Y9767nn5BpnZXz0pY06ef8tfwZg6rPMhB1fn6bRQX3gEOYwUM5UFufuMp8jgs2VvGs5nXe-mlt4b1NROBKtswozSc3\" target=\"_blank\" rel=\"noreferrer noopener\">Kit de herramientas AFL-CIO<\/a> y tambi\u00e9n echa un vistazo a la <a href=\"https:\/\/url.emailprotection.link\/?biWoNkThXTyOdCSNQnZj8Z9c8els-kmvbg62JUxMSsaTEBaEBtKsf_rhlniHEdW4i8-4dh2V65Mb8HnxwRk95Q3jjOwAwtTS-A14TaGUqxaJT6gv58leAXvgotVclUwQ8\" target=\"_blank\" rel=\"noreferrer noopener\">Kit de herramientas IUPAT <\/a>&nbsp;para enlaces a videos y otros\ncontenido.&nbsp;&nbsp;<\/p>\n\n\n\n<p>At the same time, the IUPAT will be the lead union for <a href=\"https:\/\/url.emailprotection.link\/?b99OGzSimrgW1UK__LnYghUzAH4wMSFn5n_Uk6Lc91M51uaDM8MFM2ujgi11dVBtb2U4FWdp3rHLemBdIMU7NTZE_XXvq7-ZAR19vXtJuWNdVAb6_EtPiO_oh2HPneHdhag0UXxl-PLsHynguIgehZBOTVwhyIU8eKpxuC4qpvH4kgbBOWxz6exkvVtxoVAQl3yorZouWaMAfacw9bT8lc9Eda45HI4n4z8U0OxUcEOBAvKgO5fAp6h3benCq7SLLflvtVD2OoAJPWiNRIlWYeyt801xCrqx3ZqcRa6sR530~\" target=\"_blank\" rel=\"noreferrer noopener\">Campa\u00f1a NABTU's Labor Standards in the Clean Energy Industry<\/a>\ndel 26 de abril al 30 de abril. El equipo de comunicaciones estar\u00e1 compartiendo\nvideos y otros art\u00edculos en las redes sociales esa semana que lo alentamos a\nCuota.&nbsp;<\/p>\n\n\n\n<p>Y, como todos sab\u00e9is, la semana del 26 de abril tambi\u00e9n incluye <a rel=\"noreferrer noopener\" href=\"https:\/\/url.emailprotection.link\/?bTL9srh9bw2BNH9dF43_RvyQ-RhfKBaKUvSDw7npDgJ3D3zXljhGifckScvRiuSFLBIScd6AHAJvyZeonVG6uvqss_A3T7FdTR1AOqCgN7uvtymxZ8pVoV3N-u4avklyw\" target=\"_blank\">D\u00eda de los Trabajadores<\/a> and May Day, a day to highlight both worker and immigrant rights.&nbsp;<\/p>\n\n\n\n<figure class=\"wp-block-image size-large is-resized\"><img loading=\"lazy\" decoding=\"async\" src=\"https:\/\/www.dc16iupat.org\/wp-content\/uploads\/2021\/04\/VAC-Logo-JPG-1.jpg\" alt=\"\" class=\"wp-image-5502\" width=\"669\" height=\"668\" srcset=\"https:\/\/www.dc16iupat.org\/wp-content\/uploads\/2021\/04\/VAC-Logo-JPG-1.jpg 238w, https:\/\/www.dc16iupat.org\/wp-content\/uploads\/2021\/04\/VAC-Logo-JPG-1-150x150.jpg 150w\" sizes=\"auto, (max-width: 669px) 100vw, 669px\" \/><\/figure>","protected":false},"excerpt":{"rendered":"<p>Brother\u2019s and Sister\u2019s, &nbsp; The VAC is back up. If you have any ideas or events that you are interested in making a VAC please reach out to our office and we can put you in touch with our VAC coordinator. Lowell Homan reported at our last meeting that he had looked into the Memorial [&hellip;]<\/p>\n","protected":false},"author":5,"featured_media":5469,"comment_status":"open","ping_status":"open","sticky":false,"template":"","format":"standard","meta":{"_acf_changed":false,"_jetpack_memberships_contains_paid_content":false,"footnotes":""},"categories":[1],"tags":[],"class_list":["post-5491","post","type-post","status-publish","format-standard","has-post-thumbnail","hentry","category-news"],"acf":[],"jetpack_featured_media_url":"https:\/\/www.dc16iupat.org\/wp-content\/uploads\/2021\/04\/VAC-Logo-JPG.jpg","post_image":"<img width=\"238\" height=\"237\" src=\"https:\/\/www.dc16iupat.org\/wp-content\/uploads\/2021\/04\/VAC-Logo-JPG.jpg\" class=\"attachment-large size-large wp-post-image\" alt=\"\" decoding=\"async\" loading=\"lazy\" srcset=\"https:\/\/www.dc16iupat.org\/wp-content\/uploads\/2021\/04\/VAC-Logo-JPG.jpg 238w, https:\/\/www.dc16iupat.org\/wp-content\/uploads\/2021\/04\/VAC-Logo-JPG-150x150.jpg 150w\" sizes=\"auto, (max-width: 238px) 100vw, 238px\" \/>","jetpack_sharing_enabled":true,"_links":{"self":[{"href":"https:\/\/www.dc16iupat.org\/es\/wp-json\/wp\/v2\/posts\/5491","targetHints":{"allow":["GET"]}}],"collection":[{"href":"https:\/\/www.dc16iupat.org\/es\/wp-json\/wp\/v2\/posts"}],"about":[{"href":"https:\/\/www.dc16iupat.org\/es\/wp-json\/wp\/v2\/types\/post"}],"author":[{"embeddable":true,"href":"https:\/\/www.dc16iupat.org\/es\/wp-json\/wp\/v2\/users\/5"}],"replies":[{"embeddable":true,"href":"https:\/\/www.dc16iupat.org\/es\/wp-json\/wp\/v2\/comments?post=5491"}],"version-history":[{"count":0,"href":"https:\/\/www.dc16iupat.org\/es\/wp-json\/wp\/v2\/posts\/5491\/revisions"}],"wp:featuredmedia":[{"embeddable":true,"href":"https:\/\/www.dc16iupat.org\/es\/wp-json\/wp\/v2\/media\/5469"}],"wp:attachment":[{"href":"https:\/\/www.dc16iupat.org\/es\/wp-json\/wp\/v2\/media?parent=5491"}],"wp:term":[{"taxonomy":"category","embeddable":true,"href":"https:\/\/www.dc16iupat.org\/es\/wp-json\/wp\/v2\/categories?post=5491"},{"taxonomy":"post_tag","embeddable":true,"href":"https:\/\/www.dc16iupat.org\/es\/wp-json\/wp\/v2\/tags?post=5491"}],"curies":[{"name":"wp","href":"https:\/\/api.w.org\/{rel}","templated":true}]}}