{"id":4697,"date":"2020-12-07T22:12:18","date_gmt":"2020-12-07T22:12:18","guid":{"rendered":"https:\/\/www.dc16iupat.org\/?p=4697"},"modified":"2020-12-07T22:12:19","modified_gmt":"2020-12-07T22:12:19","slug":"n-nv-covid-restrictions","status":"publish","type":"post","link":"https:\/\/www.dc16iupat.org\/es\/n-nv-covid-restrictions\/","title":{"rendered":"Restricciones de N. NV Covid"},"content":{"rendered":"<p>Hoy, el gobernador de Nevada, Steve Sisolak, anunci\u00f3 un aumento de las restricciones para ayudar a frenar la propagaci\u00f3n del COVID-19 en nuestro estado. Estas medidas fueron informadas por expertos en salud p\u00fablica, l\u00edderes empresariales y econ\u00f3micos y entrar\u00e1n en vigencia el martes 24 de noviembre. Visite el enlace a continuaci\u00f3n para obtener informaci\u00f3n adicional relacionada con el aumento de las restricciones. <\/p>\n\n\n\n<p><a href=\"https:\/\/gov.nv.gov\/News\/Press\/2020\/Governor_Sisolak_announces_additional_restrictions_to_help_slow_the_spread_of_COVID19_in_Nevada\/\">El gobernador Sisolak anuncia restricciones adicionales para ayudar a frenar la propagaci\u00f3n de COVID19 en Nevada (nv.gov)<\/a><\/p>","protected":false},"excerpt":{"rendered":"<p>Today, Nevada Governor Steve Sisolak announced increased restrictions to help slow the spread of COVID-19 in our State. These measures were informed by public health experts, business and economic leaders and go into effect on Tuesday November 24th. Please visit the link below for additional information pertaining to the increased restrictions. Governor Sisolak announces additional [&hellip;]<\/p>\n","protected":false},"author":5,"featured_media":0,"comment_status":"open","ping_status":"open","sticky":false,"template":"","format":"standard","meta":{"_acf_changed":false,"_jetpack_memberships_contains_paid_content":false,"footnotes":""},"categories":[1],"tags":[],"class_list":["post-4697","post","type-post","status-publish","format-standard","hentry","category-news"],"acf":[],"jetpack_featured_media_url":"","post_image":"","jetpack_sharing_enabled":true,"_links":{"self":[{"href":"https:\/\/www.dc16iupat.org\/es\/wp-json\/wp\/v2\/posts\/4697","targetHints":{"allow":["GET"]}}],"collection":[{"href":"https:\/\/www.dc16iupat.org\/es\/wp-json\/wp\/v2\/posts"}],"about":[{"href":"https:\/\/www.dc16iupat.org\/es\/wp-json\/wp\/v2\/types\/post"}],"author":[{"embeddable":true,"href":"https:\/\/www.dc16iupat.org\/es\/wp-json\/wp\/v2\/users\/5"}],"replies":[{"embeddable":true,"href":"https:\/\/www.dc16iupat.org\/es\/wp-json\/wp\/v2\/comments?post=4697"}],"version-history":[{"count":0,"href":"https:\/\/www.dc16iupat.org\/es\/wp-json\/wp\/v2\/posts\/4697\/revisions"}],"wp:attachment":[{"href":"https:\/\/www.dc16iupat.org\/es\/wp-json\/wp\/v2\/media?parent=4697"}],"wp:term":[{"taxonomy":"category","embeddable":true,"href":"https:\/\/www.dc16iupat.org\/es\/wp-json\/wp\/v2\/categories?post=4697"},{"taxonomy":"post_tag","embeddable":true,"href":"https:\/\/www.dc16iupat.org\/es\/wp-json\/wp\/v2\/tags?post=4697"}],"curies":[{"name":"wp","href":"https:\/\/api.w.org\/{rel}","templated":true}]}}