{"id":17598,"date":"2026-03-20T14:10:35","date_gmt":"2026-03-20T21:10:35","guid":{"rendered":"https:\/\/www.dc16iupat.org\/?p=17598"},"modified":"2026-03-20T23:00:12","modified_gmt":"2026-03-21T06:00:12","slug":"st-patricks-parade","status":"publish","type":"post","link":"https:\/\/www.dc16iupat.org\/es\/st-patricks-parade\/","title":{"rendered":"St. Patrick\u2019s Parade"},"content":{"rendered":"<p>Hermanos y Hermanas,<\/p>\n\n\n\n<p><br>Espero que todos est\u00e9n bien.<\/p>\n\n\n\n<p><\/p>\n\n\n\n<p>On March 14<sup>.<\/sup>, we had our annual St. Patrick\u2019s parade, we started the day before building the float, thanks to all the members that came and helped, the result was amazing.<\/p>\n\n\n\n<p><\/p>\n\n\n\n<p>That Saturday, we had a great turnout, more than 20 members wearing our yellow T-shirts, showing what our Union is about, we also passed out stickers and were talking to people about our Union. It\u2019s always great to see all crafts getting together at these events.<\/p>\n\n\n\n<p><\/p>\n\n\n\n<p>It was also great to see Dina Titus in our float, she has supported Unions for a long time, we appreciate that.<\/p>\n\n\n\n<p><\/p>\n\n\n\n<p>Si tiene alguna pregunta, comun\u00edquese conmigo.<\/p>\n\n\n\n<p><\/p>\n\n\n\n<p>Mi n\u00famero de tel\u00e9fono es: (702) 403-0700Correo electr\u00f3nico: <a href=\"mailto:gustavo@dc16.us\">gustavo@dc16.us<\/a><\/p>\n\n\n\n<p><\/p>\n\n\n\n<figure class=\"wp-block-image size-large\"><img loading=\"lazy\" decoding=\"async\" width=\"1200\" height=\"1600\" src=\"https:\/\/www.dc16iupat.org\/wp-content\/uploads\/2026\/03\/image-22-edited.jpeg\" alt=\"\" class=\"wp-image-17600\" srcset=\"https:\/\/www.dc16iupat.org\/wp-content\/uploads\/2026\/03\/image-22-edited.jpeg 1200w, https:\/\/www.dc16iupat.org\/wp-content\/uploads\/2026\/03\/image-22-edited-225x300.jpeg 225w, https:\/\/www.dc16iupat.org\/wp-content\/uploads\/2026\/03\/image-22-edited-768x1024.jpeg 768w, https:\/\/www.dc16iupat.org\/wp-content\/uploads\/2026\/03\/image-22-edited-1152x1536.jpeg 1152w, https:\/\/www.dc16iupat.org\/wp-content\/uploads\/2026\/03\/image-22-edited-9x12.jpeg 9w\" sizes=\"auto, (max-width: 1200px) 100vw, 1200px\" \/><\/figure>","protected":false},"excerpt":{"rendered":"<p>Brothers and Sisters, I hope you\u2019re all doing well. On March 14th, we had our annual St. Patrick\u2019s parade, we started the day before building the float, thanks to all the members that came and helped, the result was amazing. That Saturday, we had a great turnout, more than 20 members wearing our yellow T-shirts, [&hellip;]<\/p>\n","protected":false},"author":3,"featured_media":0,"comment_status":"closed","ping_status":"closed","sticky":false,"template":"","format":"standard","meta":{"_acf_changed":true,"_jetpack_memberships_contains_paid_content":false,"footnotes":""},"categories":[1],"tags":[],"class_list":["post-17598","post","type-post","status-publish","format-standard","hentry","category-news"],"acf":[],"jetpack_featured_media_url":"","post_image":"","jetpack_sharing_enabled":true,"_links":{"self":[{"href":"https:\/\/www.dc16iupat.org\/es\/wp-json\/wp\/v2\/posts\/17598","targetHints":{"allow":["GET"]}}],"collection":[{"href":"https:\/\/www.dc16iupat.org\/es\/wp-json\/wp\/v2\/posts"}],"about":[{"href":"https:\/\/www.dc16iupat.org\/es\/wp-json\/wp\/v2\/types\/post"}],"author":[{"embeddable":true,"href":"https:\/\/www.dc16iupat.org\/es\/wp-json\/wp\/v2\/users\/3"}],"replies":[{"embeddable":true,"href":"https:\/\/www.dc16iupat.org\/es\/wp-json\/wp\/v2\/comments?post=17598"}],"version-history":[{"count":0,"href":"https:\/\/www.dc16iupat.org\/es\/wp-json\/wp\/v2\/posts\/17598\/revisions"}],"wp:attachment":[{"href":"https:\/\/www.dc16iupat.org\/es\/wp-json\/wp\/v2\/media?parent=17598"}],"wp:term":[{"taxonomy":"category","embeddable":true,"href":"https:\/\/www.dc16iupat.org\/es\/wp-json\/wp\/v2\/categories?post=17598"},{"taxonomy":"post_tag","embeddable":true,"href":"https:\/\/www.dc16iupat.org\/es\/wp-json\/wp\/v2\/tags?post=17598"}],"curies":[{"name":"wp","href":"https:\/\/api.w.org\/{rel}","templated":true}]}}