{"id":10422,"date":"2023-04-12T14:51:53","date_gmt":"2023-04-12T21:51:53","guid":{"rendered":"https:\/\/www.dc16iupat.org\/?p=10422"},"modified":"2023-04-18T14:20:53","modified_gmt":"2023-04-18T21:20:53","slug":"vac-event-2","status":"publish","type":"post","link":"https:\/\/www.dc16iupat.org\/es\/vac-event-2\/","title":{"rendered":"\u00a1Evento VAC!"},"content":{"rendered":"<p>Desfile y Festival C\u00e9sar Ch\u00e1vez<br>San Francisco ser\u00e1 la sede de su desfile y festival anual C\u00e9sar E. Ch\u00e1vez el s\u00e1bado 29 de abril a las 11:00 am para<br>6:00 pm y como siempre el Consejo del Distrito 16 estar\u00e1 all\u00ed para representar. Nos encontraremos frente a Dolores.<br>Estacione en 19 y Guerrero a las 10:00 am y al final de la ruta del desfile habr\u00e1 un festival con comida, artesan\u00edas y una exhibici\u00f3n de autos, \u00a1as\u00ed que use sus zapatos para caminar! Traiga a toda su familia, traiga a sus amigos, traiga a quien quiera, \u00a1pero solo salga y divi\u00e9rtase! Si no tiene una solicitud de archivo de VAC actualizada, puede completar los formularios con anticipaci\u00f3n para que todos obtengan cr\u00e9dito. Por favor <a href=\"https:\/\/docs.google.com\/forms\/d\/e\/1FAIpQLSdtGIqN5r_4mMLk_Ps5Xb7geinhUsCjC4YiCXjBgEc1Vwbf0Q\/viewform?usp=sf_link\" data-type=\"URL\" data-id=\"https:\/\/docs.google.com\/forms\/d\/e\/1FAIpQLSdtGIqN5r_4mMLk_Ps5Xb7geinhUsCjC4YiCXjBgEc1Vwbf0Q\/viewform?usp=sf_link\">click here<\/a> para la Solicitud de VAC\/Exenci\u00f3n de COVID.<\/p>\n\n\n\n<figure class=\"wp-block-image size-large\"><img loading=\"lazy\" decoding=\"async\" width=\"791\" height=\"1024\" src=\"https:\/\/www.dc16iupat.org\/wp-content\/uploads\/2023\/04\/DC16westbay_20230411_155244-791x1024.jpg\" alt=\"\" class=\"wp-image-10547\" srcset=\"https:\/\/www.dc16iupat.org\/wp-content\/uploads\/2023\/04\/DC16westbay_20230411_155244-791x1024.jpg 791w, https:\/\/www.dc16iupat.org\/wp-content\/uploads\/2023\/04\/DC16westbay_20230411_155244-232x300.jpg 232w, https:\/\/www.dc16iupat.org\/wp-content\/uploads\/2023\/04\/DC16westbay_20230411_155244-768x994.jpg 768w, https:\/\/www.dc16iupat.org\/wp-content\/uploads\/2023\/04\/DC16westbay_20230411_155244-1187x1536.jpg 1187w, https:\/\/www.dc16iupat.org\/wp-content\/uploads\/2023\/04\/DC16westbay_20230411_155244-1583x2048.jpg 1583w, https:\/\/www.dc16iupat.org\/wp-content\/uploads\/2023\/04\/DC16westbay_20230411_155244-9x12.jpg 9w, https:\/\/www.dc16iupat.org\/wp-content\/uploads\/2023\/04\/DC16westbay_20230411_155244.jpg 1700w\" sizes=\"auto, (max-width: 791px) 100vw, 791px\" \/><\/figure>","protected":false},"excerpt":{"rendered":"<p>Cesar Chavez Parade &amp; FestivalSan Francisco will host its annual Cesar E. Chavez Parade &amp; Festival Saturday, April 29th at 11:00 am to6:00 pm and as always District Council 16 will be there to represent. We will meet across from DoloresPark on 19th and Guerrero at 10:00 am and at the end of the parade [&hellip;]<\/p>\n","protected":false},"author":5,"featured_media":0,"comment_status":"open","ping_status":"open","sticky":false,"template":"","format":"standard","meta":{"_acf_changed":false,"_jetpack_memberships_contains_paid_content":false,"footnotes":""},"categories":[1],"tags":[],"class_list":["post-10422","post","type-post","status-publish","format-standard","hentry","category-news"],"acf":[],"jetpack_featured_media_url":"","post_image":"","jetpack_sharing_enabled":true,"_links":{"self":[{"href":"https:\/\/www.dc16iupat.org\/es\/wp-json\/wp\/v2\/posts\/10422","targetHints":{"allow":["GET"]}}],"collection":[{"href":"https:\/\/www.dc16iupat.org\/es\/wp-json\/wp\/v2\/posts"}],"about":[{"href":"https:\/\/www.dc16iupat.org\/es\/wp-json\/wp\/v2\/types\/post"}],"author":[{"embeddable":true,"href":"https:\/\/www.dc16iupat.org\/es\/wp-json\/wp\/v2\/users\/5"}],"replies":[{"embeddable":true,"href":"https:\/\/www.dc16iupat.org\/es\/wp-json\/wp\/v2\/comments?post=10422"}],"version-history":[{"count":0,"href":"https:\/\/www.dc16iupat.org\/es\/wp-json\/wp\/v2\/posts\/10422\/revisions"}],"wp:attachment":[{"href":"https:\/\/www.dc16iupat.org\/es\/wp-json\/wp\/v2\/media?parent=10422"}],"wp:term":[{"taxonomy":"category","embeddable":true,"href":"https:\/\/www.dc16iupat.org\/es\/wp-json\/wp\/v2\/categories?post=10422"},{"taxonomy":"post_tag","embeddable":true,"href":"https:\/\/www.dc16iupat.org\/es\/wp-json\/wp\/v2\/tags?post=10422"}],"curies":[{"name":"wp","href":"https:\/\/api.w.org\/{rel}","templated":true}]}}