{"id":10304,"date":"2023-03-03T13:43:50","date_gmt":"2023-03-03T21:43:50","guid":{"rendered":"https:\/\/www.dc16iupat.org\/?p=10304"},"modified":"2023-03-03T13:45:06","modified_gmt":"2023-03-03T21:45:06","slug":"guest-speaker","status":"publish","type":"post","link":"https:\/\/www.dc16iupat.org\/es\/guest-speaker\/","title":{"rendered":"<strong><u>ORADOR INVITADO<\/u><\/strong>"},"content":{"rendered":"<p>Los miembros de la Local 83 que actualmente tienen cobertura de Kaiser Permanente o si est\u00e1n considerando cambiarse a Kaiser, tendremos un representante de Kaiser Permanente en nuestra pr\u00f3xima reuni\u00f3n de miembros el jueves 9 de marzo<sup>.<\/sup> a las 6 p. m. para responder a sus preguntas sobre beneficios.<\/p>\n\n\n\n<p>ANUAL DE SAN FRANCISCO ST. EL DESFILE DEL D\u00cdA DE PATRICK ser\u00e1 el s\u00e1bado 11 de marzo<sup>.<\/sup> La hora de encuentro es a las 10:45 a. m. en 400 2nd Street en SF. Los volantes est\u00e1n disponibles en nuestra oficina o puede llamar a nuestra oficina para obtener m\u00e1s detalles.<\/p>\n\n\n\n<p>Si tiene un evento de voluntariado o una organizaci\u00f3n ben\u00e9fica que le apasiona, \u00a1convi\u00e9rtalo en un VAC! \u00a1Traiga sus ideas a la pr\u00f3xima reuni\u00f3n de miembros o \u00fanase al E-Board como coordinador de VAC!<\/p>\n\n\n\n<figure class=\"wp-block-image size-large\"><img loading=\"lazy\" decoding=\"async\" width=\"791\" height=\"1024\" src=\"https:\/\/www.dc16iupat.org\/wp-content\/uploads\/2023\/02\/St-Patrick-Day1-791x1024.jpg\" alt=\"\" class=\"wp-image-10218\" srcset=\"https:\/\/www.dc16iupat.org\/wp-content\/uploads\/2023\/02\/St-Patrick-Day1-791x1024.jpg 791w, https:\/\/www.dc16iupat.org\/wp-content\/uploads\/2023\/02\/St-Patrick-Day1-232x300.jpg 232w, https:\/\/www.dc16iupat.org\/wp-content\/uploads\/2023\/02\/St-Patrick-Day1-768x994.jpg 768w, https:\/\/www.dc16iupat.org\/wp-content\/uploads\/2023\/02\/St-Patrick-Day1-1187x1536.jpg 1187w, https:\/\/www.dc16iupat.org\/wp-content\/uploads\/2023\/02\/St-Patrick-Day1-9x12.jpg 9w, https:\/\/www.dc16iupat.org\/wp-content\/uploads\/2023\/02\/St-Patrick-Day1.jpg 1484w\" sizes=\"auto, (max-width: 791px) 100vw, 791px\" \/><\/figure>","protected":false},"excerpt":{"rendered":"<p>Local 83 Members that currently have Kaiser Permanente Coverage or if you are considering switching to Kaiser, we will have a Kaiser Permanente representative at our next Membership Meeting Thursday March 9th at 6PM to answer your benefit questions. SAN FRANCISCO\u2019S ANNUAL ST. PATRICK\u2019S DAY PARADE will be Saturday March 11th Meet up time is [&hellip;]<\/p>\n","protected":false},"author":3,"featured_media":0,"comment_status":"open","ping_status":"open","sticky":false,"template":"","format":"standard","meta":{"_acf_changed":false,"_jetpack_memberships_contains_paid_content":false,"footnotes":""},"categories":[1],"tags":[],"class_list":["post-10304","post","type-post","status-publish","format-standard","hentry","category-news"],"acf":[],"jetpack_featured_media_url":"","post_image":"","jetpack_sharing_enabled":true,"_links":{"self":[{"href":"https:\/\/www.dc16iupat.org\/es\/wp-json\/wp\/v2\/posts\/10304","targetHints":{"allow":["GET"]}}],"collection":[{"href":"https:\/\/www.dc16iupat.org\/es\/wp-json\/wp\/v2\/posts"}],"about":[{"href":"https:\/\/www.dc16iupat.org\/es\/wp-json\/wp\/v2\/types\/post"}],"author":[{"embeddable":true,"href":"https:\/\/www.dc16iupat.org\/es\/wp-json\/wp\/v2\/users\/3"}],"replies":[{"embeddable":true,"href":"https:\/\/www.dc16iupat.org\/es\/wp-json\/wp\/v2\/comments?post=10304"}],"version-history":[{"count":0,"href":"https:\/\/www.dc16iupat.org\/es\/wp-json\/wp\/v2\/posts\/10304\/revisions"}],"wp:attachment":[{"href":"https:\/\/www.dc16iupat.org\/es\/wp-json\/wp\/v2\/media?parent=10304"}],"wp:term":[{"taxonomy":"category","embeddable":true,"href":"https:\/\/www.dc16iupat.org\/es\/wp-json\/wp\/v2\/categories?post=10304"},{"taxonomy":"post_tag","embeddable":true,"href":"https:\/\/www.dc16iupat.org\/es\/wp-json\/wp\/v2\/tags?post=10304"}],"curies":[{"name":"wp","href":"https:\/\/api.w.org\/{rel}","templated":true}]}}