{"id":10092,"date":"2023-01-30T11:10:36","date_gmt":"2023-01-30T19:10:36","guid":{"rendered":"https:\/\/www.dc16iupat.org\/?p=10092"},"modified":"2023-01-30T11:27:58","modified_gmt":"2023-01-30T19:27:58","slug":"afl-cio-2023-martin-luther-king-jr-civil-and-human-rights-conference","status":"publish","type":"post","link":"https:\/\/www.dc16iupat.org\/es\/afl-cio-2023-martin-luther-king-jr-civil-and-human-rights-conference\/","title":{"rendered":"AFL-CIO 2023 Conferencia de derechos civiles y humanos de Martin Luther King, Jr."},"content":{"rendered":"<figure class=\"wp-block-image aligncenter size-full\"><img loading=\"lazy\" decoding=\"async\" width=\"433\" height=\"427\" src=\"https:\/\/www.dc16iupat.org\/wp-content\/uploads\/2023\/01\/MLK-Con.jpg\" alt=\"\" class=\"wp-image-10095\" srcset=\"https:\/\/www.dc16iupat.org\/wp-content\/uploads\/2023\/01\/MLK-Con.jpg 433w, https:\/\/www.dc16iupat.org\/wp-content\/uploads\/2023\/01\/MLK-Con-300x296.jpg 300w, https:\/\/www.dc16iupat.org\/wp-content\/uploads\/2023\/01\/MLK-Con-12x12.jpg 12w\" sizes=\"auto, (max-width: 433px) 100vw, 433px\" \/><\/figure>\n\n\n\n<p><\/p>\n\n\n\n<p>En enero asist\u00ed a la Conferencia de Derechos Civiles y Humanos de Martin Luther King, Jr. de AFL-CIO 2023, donde escuch\u00e9 a muchos oradores influyentes como: Fred Redmond, Secretario-Tesorero, AFL-CIO; <br>Muriel Bowser, alcaldesa de Washington, D.C. y Maya Wiley, directora ejecutiva de la Organizaci\u00f3n de Derechos Civiles, solo por nombrar algunas. Algunas de las conclusiones clave fueron que debemos continuar luchando por la democracia e inculcar la importancia de trabajar juntos. Martin Luther King Jr. dio su vida por el cambio, quer\u00eda ver a todos los hombres y mujeres prosperar sin importar el color de su piel y que todos tuvieran la oportunidad de un salario digno e igualdad.<\/p>\n\n\n\n<p>Muchos estados est\u00e1n luchando contra el robo de salarios y tenemos un cambio significativo en los nombramientos de las personas que ahora est\u00e1n en el cargo. Tener estos candidatos en estos esca\u00f1os beneficia a nuestros miembros y miembros no sindicales para que tengan voz. As\u00ed podremos luchar contra los contratistas que se han aprovechado de sus trabajadores.<\/p>\n\n\n\n<p>Tambi\u00e9n asist\u00ed a un taller que me ayud\u00f3 a educarme sobre c\u00f3mo motivar mejor a nuestros j\u00f3venes activistas y organizadores: <\/p>\n\n\n\n<p><strong>Taller de Transacci\u00f3n a Transformaci\u00f3n<\/strong><\/p>\n\n\n\n<ul class=\"wp-block-list\">\n<li>Se trataba de c\u00f3mo motivar a nuestros j\u00f3venes activistas y organizadores a ser m\u00e1s estrictos y valientes para organizar el trabajo en todo el pa\u00eds para ayudar a fortalecer nuestra Uni\u00f3n.  <\/li>\n\n\n\n<li>Prop\u00f3sito (EL POR QU\u00c9)<br>Esto fue para que los asistentes pensaran y hablaran sobre lo que estamos haciendo para ayudar a fortalecer nuestros Sindicatos Locales mediante el reclutamiento de j\u00f3venes activistas.<\/li>\n\n\n\n<li>Resultado (EL RESULTADO)<br>Para irnos con una mentalidad y herramientas diferentes de c\u00f3mo planeamos incluir activistas de trabajadores j\u00f3venes para impulsar nuestros sindicatos locales.<\/li>\n\n\n\n<li>Mirar todo el trabajo que hacemos para construir nuestros sindicatos como transformador<\/li>\n\n\n\n<li>Proceso (C\u00d3MO LLEGAMOS AL RESULTADO)<br>A trav\u00e9s de una serie de debates en grupos peque\u00f1os para sacar y trabajar a partir de temas comunes sobre lo que es transaccional y lo que es transformacional<br>Es un objetivo m\u00f3vil descubrir c\u00f3mo interactuar de manera m\u00e1s exitosa con nuestra generaci\u00f3n m\u00e1s joven, todas las conversaciones en el taller ayudan a tener una idea de c\u00f3mo podemos comunicarnos mejor con nuestros nuevos miembros j\u00f3venes.<\/li>\n\n\n\n<li>Transaccional\n<ul class=\"wp-block-list\">\n<li>una acci\u00f3n\/actividad que involucra a dos o m\u00e1s partes que se influyen mutuamente. ser\u00eda mejor si hicieras esto porque afecta algo m\u00e1s. Tienes que hacerlo y marcarlo; hacer esto mantiene el barco a flote<\/li>\n<\/ul>\n<\/li>\n\n\n\n<li>transformacional\n<ul class=\"wp-block-list\">\n<li>Causa un cambio impactante en individuos y sistemas, crea un cambio valioso y positivo, convierte a los miembros en activistas.<\/li>\n\n\n\n<li>crea un cambio radical o un impacto duradero<\/li>\n\n\n\n<li>crea energ\u00eda y momento (masa + velocidad para su uni\u00f3n)<\/li>\n\n\n\n<li>\u00a1J\u00f3venes activistas son due\u00f1os de su trabajo de construir su sindicato!<\/li>\n<\/ul>\n<\/li>\n<\/ul>\n\n\n\n<p>Estoy agradecido por la oportunidad de asistir a la conferencia y ser parte de algo m\u00e1s grande que yo y aprender m\u00e1s sobre c\u00f3mo puedo ayudar a nuestros miembros en muchos niveles. Conf\u00edo en que con esta experiencia de ver y escuchar los problemas de primera mano, s\u00e9 que lo que hacemos es muy importante y somos la voz de muchos. <\/p>\n\n\n\n<p><strong><em>Atentamente<\/em><\/strong><\/p>\n\n\n\n<p><strong><em>Jose Luis Rivera<\/em><\/strong><br><strong><em>Consejo de Distrito 16<\/em><\/strong><br><strong><em>Representante Empresarial<\/em><\/strong><br><strong><em>Local union 272<\/em><\/strong><\/p>","protected":false},"excerpt":{"rendered":"<p>In January I attended the AFL-CIO 2023 Martin Luther King, Jr. Civil and Human Rights Conference where I heard from many influential speakers such as: Fred Redmond, Secretary-Treasurer, AFL-CIO; Muriel Bowser Mayor, Washington, D.C and Maya Wiley, CEO of the Civil Rights Organization, just to name a few. Some of the key takeaways were that [&hellip;]<\/p>\n","protected":false},"author":3,"featured_media":0,"comment_status":"open","ping_status":"open","sticky":false,"template":"","format":"standard","meta":{"_acf_changed":false,"_jetpack_memberships_contains_paid_content":false,"footnotes":""},"categories":[1],"tags":[],"class_list":["post-10092","post","type-post","status-publish","format-standard","hentry","category-news"],"acf":[],"jetpack_featured_media_url":"","post_image":"","jetpack_sharing_enabled":true,"_links":{"self":[{"href":"https:\/\/www.dc16iupat.org\/es\/wp-json\/wp\/v2\/posts\/10092","targetHints":{"allow":["GET"]}}],"collection":[{"href":"https:\/\/www.dc16iupat.org\/es\/wp-json\/wp\/v2\/posts"}],"about":[{"href":"https:\/\/www.dc16iupat.org\/es\/wp-json\/wp\/v2\/types\/post"}],"author":[{"embeddable":true,"href":"https:\/\/www.dc16iupat.org\/es\/wp-json\/wp\/v2\/users\/3"}],"replies":[{"embeddable":true,"href":"https:\/\/www.dc16iupat.org\/es\/wp-json\/wp\/v2\/comments?post=10092"}],"version-history":[{"count":0,"href":"https:\/\/www.dc16iupat.org\/es\/wp-json\/wp\/v2\/posts\/10092\/revisions"}],"wp:attachment":[{"href":"https:\/\/www.dc16iupat.org\/es\/wp-json\/wp\/v2\/media?parent=10092"}],"wp:term":[{"taxonomy":"category","embeddable":true,"href":"https:\/\/www.dc16iupat.org\/es\/wp-json\/wp\/v2\/categories?post=10092"},{"taxonomy":"post_tag","embeddable":true,"href":"https:\/\/www.dc16iupat.org\/es\/wp-json\/wp\/v2\/tags?post=10092"}],"curies":[{"name":"wp","href":"https:\/\/api.w.org\/{rel}","templated":true}]}}